{"id":1095,"date":"2023-12-13T14:03:11","date_gmt":"2023-12-13T13:03:11","guid":{"rendered":"http:\/\/icar.cnrs.fr\/aaa\/?p=1095"},"modified":"2024-02-16T13:03:44","modified_gmt":"2024-02-16T12:03:44","slug":"nocturnes-at-the-museum-of-fine-arts-of-lyon-14-mars-2024-1830-to-2300-p-m","status":"publish","type":"post","link":"https:\/\/icar.cnrs.fr\/aaa\/en\/nocturnes-at-the-museum-of-fine-arts-of-lyon-14-mars-2024-1830-to-2300-p-m\/","title":{"rendered":"\u00ab\u00a0Nocturnes\u00a0\u00bb at the Museum of Fine Arts of Lyon &#8211; 14 mars 2024, 18:30 to 23:00 p.m."},"content":{"rendered":"<p id=\"tw-target-text\" class=\"tw-data-text tw-text-large tw-ta\" dir=\"ltr\" data-placeholder=\"Traduction\" data-ved=\"2ahUKEwiIr4Djl4KDAxXeAPsDHS5OABQQ3ewLegQIBRAQ\"><span class=\"Y2IQFc\" lang=\"en\">On March 14, one of the doctoral student members of our project (Lisa Paillussi\u00e8re,Universit\u00e9 Lumi\u00e8re Lyon 2) will participate to the Student&rsquo;s \u00ab\u00a0Nocturnes\u00a0\u00bb at the Museum of Fine Arts of Lyon, an evening highlighting artistic mediation made <em>for<\/em> and <em>by<\/em> students.<\/span><\/p>\n<p><img loading=\"lazy\" decoding=\"async\" class=\"aligncenter size-large wp-image-1156\" src=\"https:\/\/icar.cnrs.fr\/aaa\/files\/2023\/12\/image005-724x1024.png\" alt=\"\" width=\"640\" height=\"905\" srcset=\"https:\/\/icar.cnrs.fr\/aaa\/files\/2023\/12\/image005-724x1024.png 724w, https:\/\/icar.cnrs.fr\/aaa\/files\/2023\/12\/image005-212x300.png 212w, https:\/\/icar.cnrs.fr\/aaa\/files\/2023\/12\/image005-768x1086.png 768w, https:\/\/icar.cnrs.fr\/aaa\/files\/2023\/12\/image005-1086x1536.png 1086w, https:\/\/icar.cnrs.fr\/aaa\/files\/2023\/12\/image005-1448x2048.png 1448w, https:\/\/icar.cnrs.fr\/aaa\/files\/2023\/12\/image005-300x424.png 300w, https:\/\/icar.cnrs.fr\/aaa\/files\/2023\/12\/image005-850x1202.png 850w\" sizes=\"auto, (max-width: 640px) 100vw, 640px\" \/><\/p>\n<p><em>Figure 1 :<span class=\"Y2IQFc\" lang=\"en\">Poster for Student&rsquo;s Nocturnes , 2024 edition\u00a0<\/span><\/em><\/p>\n<p id=\"tw-target-text\" class=\"tw-data-text tw-text-large tw-ta\" dir=\"ltr\" data-placeholder=\"Traduction\" data-ved=\"2ahUKEwiIr4Djl4KDAxXeAPsDHS5OABQQ3ewLegQIBRAQ\"><span class=\"Y2IQFc\" lang=\"en\">This will offer an augmented mediation performance on the painting The Crucifixion by Simon Vouet (1636-1637). This will highlight two aspects of the increase in works: (i) its numerical increase, by taking advantage of artificial intelligence, and (ii) its historical, semiotic and comparative increase, through the theoretical challenge of hold together the iconography of the bird and that of Christ.<\/span><\/p>\n<p><img loading=\"lazy\" decoding=\"async\" class=\"aligncenter size-full wp-image-980\" src=\"https:\/\/icar.cnrs.fr\/aaa\/files\/2023\/11\/simon-vouet-christ-en-croix.jpg\" alt=\"\" width=\"500\" height=\"759\" srcset=\"https:\/\/icar.cnrs.fr\/aaa\/files\/2023\/11\/simon-vouet-christ-en-croix.jpg 500w, https:\/\/icar.cnrs.fr\/aaa\/files\/2023\/11\/simon-vouet-christ-en-croix-198x300.jpg 198w, https:\/\/icar.cnrs.fr\/aaa\/files\/2023\/11\/simon-vouet-christ-en-croix-300x455.jpg 300w\" sizes=\"auto, (max-width: 500px) 100vw, 500px\" \/><\/p>\n<p><em>Figure 2 : The Crucifixion by Simon Vouet (1636-1637)<\/em><\/p>\n<p><strong>More informations about the event :<\/strong><\/p>\n<p><a href=\"https:\/\/www.mac-lyon.com\/fr\/programmation\/nocturne-etudiante-macmba-2024\">https:\/\/www.mac-lyon.com\/fr\/programmation\/nocturne-etudiante-macmba-2024\u00a0<\/a><\/p>\n<p>&nbsp;<\/p>\n","protected":false},"excerpt":{"rendered":"<p>On March 14, one of the doctoral student members of our project (Lisa Paillussi\u00e8re,Universit\u00e9 Lumi\u00e8re Lyon 2) will participate to the Student&rsquo;s \u00ab\u00a0Nocturnes\u00a0\u00bb at the Museum of Fine Arts of&#8230;<\/p>\n","protected":false},"author":52,"featured_media":0,"comment_status":"closed","ping_status":"closed","sticky":false,"template":"","format":"standard","meta":{"inline_featured_image":false,"footnotes":""},"categories":[32],"tags":[],"class_list":["post-1095","post","type-post","status-publish","format-standard","hentry","category-events"],"_links":{"self":[{"href":"https:\/\/icar.cnrs.fr\/aaa\/wp-json\/wp\/v2\/posts\/1095","targetHints":{"allow":["GET"]}}],"collection":[{"href":"https:\/\/icar.cnrs.fr\/aaa\/wp-json\/wp\/v2\/posts"}],"about":[{"href":"https:\/\/icar.cnrs.fr\/aaa\/wp-json\/wp\/v2\/types\/post"}],"author":[{"embeddable":true,"href":"https:\/\/icar.cnrs.fr\/aaa\/wp-json\/wp\/v2\/users\/52"}],"replies":[{"embeddable":true,"href":"https:\/\/icar.cnrs.fr\/aaa\/wp-json\/wp\/v2\/comments?post=1095"}],"version-history":[{"count":3,"href":"https:\/\/icar.cnrs.fr\/aaa\/wp-json\/wp\/v2\/posts\/1095\/revisions"}],"predecessor-version":[{"id":1161,"href":"https:\/\/icar.cnrs.fr\/aaa\/wp-json\/wp\/v2\/posts\/1095\/revisions\/1161"}],"wp:attachment":[{"href":"https:\/\/icar.cnrs.fr\/aaa\/wp-json\/wp\/v2\/media?parent=1095"}],"wp:term":[{"taxonomy":"category","embeddable":true,"href":"https:\/\/icar.cnrs.fr\/aaa\/wp-json\/wp\/v2\/categories?post=1095"},{"taxonomy":"post_tag","embeddable":true,"href":"https:\/\/icar.cnrs.fr\/aaa\/wp-json\/wp\/v2\/tags?post=1095"}],"curies":[{"name":"wp","href":"https:\/\/api.w.org\/{rel}","templated":true}]}}